{"id":1327,"date":"2014-05-30T10:42:26","date_gmt":"2014-05-30T08:42:26","guid":{"rendered":"http:\/\/www.wallfahrtskirche-maria-buch.at\/?p=1327"},"modified":"2014-05-30T10:43:56","modified_gmt":"2014-05-30T08:43:56","slug":"ministrantenausflug-2","status":"publish","type":"post","link":"https:\/\/www.wallfahrtskirche-maria-buch.at\/?p=1327","title":{"rendered":"Ministrantenausflug"},"content":{"rendered":"<p><img loading=\"lazy\" class=\"alignleft size-thumbnail wp-image-1328\" alt=\"Ministrantenausflug_(52)\" src=\"https:\/\/www.wallfahrtskirche-maria-buch.at\/wp-content\/uploads\/2014\/05\/Ministrantenausflug_52-150x150.jpg\" width=\"150\" height=\"150\" \/>Am 24. Mai fand unser Ministrantenausflug statt.<\/p>\n<p>Wir fuhren zuerst nach Oberzeiring um das Silberbergwerk zu besichtigen.<!--more--><br \/>\nUm den Zeiringer Bergbau ranken sich viele Geschichten. Der gr\u00f6\u00dfte der Ostalpen sei er gewesen, die Knappen w\u00e4ren reiche M\u00e4nner gewesen, und seit sie ihren \u00dcbermut freien Lauf lie\u00dfen, sei der Ort verflucht!&#8230;? Fest steht: Es gibt weitl\u00e4ufige Stollen, die eine faszinierende Geschichte erz\u00e4hlen. Von Knappen, die in Rauch und nahezu ohne Licht Erz sch\u00fcrften. Von Zeiringer Pfennigen die gepr\u00e4gt wurden und f\u00fcr den mittelalterlichen Menschen \u201enormales Geld\u201c waren. Wir konnten in die\u00a0 Silbergruben \u201eeinfahren\u201c,und konnten in jedem Fall eines erleben: einen uralten Mythos, der die Menschen in seinen Bann zog und &#8230; noch immer zieht.<\/p>\n<p>Dann ging es weiter auf das Lachtal und besichtigten dort Europas h\u00f6chstgelegenen Windpark. Der Tauernwindpark ist eines der weltweit spannensten und ehrgeizigsten Windparkprojekte der letzten Jahre.<br \/>\nDer Tauernwindpark produziert mit seinen 19,25 MW installierter Leistung bis zu 45,5 GWh Strom pro Jahr. Das bedeutet die Vermeidung von 37.300 Tonnen CO2-Emission und die Einsparung von 15.000 Tonnen Erd\u00f6l j\u00e4hrlich.<\/p>\n<p>Weiter fuhren wir dann nach Thalheim zum Gasthaus Widenschek, wo wir unser Mittagessen genie\u00dfen konnten .Das Mittagessen hat wunderbar geschmeckt, der gro\u00dfe Spielplatz war toll. Sogar eine Hupfburg wurde f\u00fcr uns hergerichtet. Und ein Dank geb\u00fchrt dem Gastwirt, der uns mit g\u00fcnstigen Preisen entgegen gekommen ist.<\/p>\n<p>Am Nachmittag besuchten wir noch den Sternenturm in Judenburg. Florian machte f\u00fcr uns dort die Vorf\u00fchrung: &#8222;Kosmische Dimensionen&#8220;.<br \/>\nUnser Planet, die Erde, ist gemessen an den Weiten des Alls ein Winzling. Ein Lichtjahr &#8211; das sind rund 9.500 Milliarden Kilometer! Allein f\u00fcr das Durchqueren der Milchstra\u00dfe ben\u00f6tigt das Licht unglaubliche 100.000 Jahre!<\/p>\n<p>Unsere Ministranten durften einen erlebnisreichen Tag genie\u00dfen und jeder kehrte m\u00fcde und mit vielen neuen Eindr\u00fccken nach Hause zur\u00fcck!<\/p>\n<p>Ein besonderer Dank geb\u00fchrt Resi, die alles perfekt organisiert hat und beim Ausflug f\u00fcr die Minis da war. Weiters bedanken wir uns bei Herrn Haubner, unserem Buschauffeur, der uns immer sicher und zuvorkommend von einem Ort zum n\u00e4chsten bringt. Danke auch an Florian, der Resi beim Ausflug unterst\u00fctzt hat.Ein ganz herzliches Dankesch\u00f6n auch an unseren Herrn\u00a0 Pfarrer Ferdinand Kochauf, der uns mit einer gro\u00dfz\u00fcgigen Spende unterst\u00fctzt hat.<\/p>\n<div id='gallery-1' class='gallery galleryid-1327 gallery-columns-3 gallery-size-thumbnail'><dl class='gallery-item'>\n\t\t\t<dt class='gallery-icon landscape'>\n\t\t\t\t<a href='https:\/\/www.wallfahrtskirche-maria-buch.at\/wp-content\/uploads\/2014\/05\/2014-05-24-08.00.52.jpg'><img width=\"150\" height=\"150\" src=\"https:\/\/www.wallfahrtskirche-maria-buch.at\/wp-content\/uploads\/2014\/05\/2014-05-24-08.00.52-150x150.jpg\" class=\"attachment-thumbnail size-thumbnail\" alt=\"\" loading=\"lazy\" \/><\/a>\n\t\t\t<\/dt><\/dl><dl class='gallery-item'>\n\t\t\t<dt class='gallery-icon landscape'>\n\t\t\t\t<a href='https:\/\/www.wallfahrtskirche-maria-buch.at\/wp-content\/uploads\/2014\/05\/2014-05-24-08.01.32.jpg'><img width=\"150\" height=\"150\" src=\"https:\/\/www.wallfahrtskirche-maria-buch.at\/wp-content\/uploads\/2014\/05\/2014-05-24-08.01.32-150x150.jpg\" class=\"attachment-thumbnail size-thumbnail\" alt=\"\" loading=\"lazy\" \/><\/a>\n\t\t\t<\/dt><\/dl><dl class='gallery-item'>\n\t\t\t<dt class='gallery-icon landscape'>\n\t\t\t\t<a href='https:\/\/www.wallfahrtskirche-maria-buch.at\/wp-content\/uploads\/2014\/05\/2014-05-24-08.07.25.jpg'><img width=\"150\" height=\"150\" src=\"https:\/\/www.wallfahrtskirche-maria-buch.at\/wp-content\/uploads\/2014\/05\/2014-05-24-08.07.25-150x150.jpg\" class=\"attachment-thumbnail size-thumbnail\" alt=\"\" loading=\"lazy\" \/><\/a>\n\t\t\t<\/dt><\/dl><br style=\"clear: both\" \/><dl class='gallery-item'>\n\t\t\t<dt class='gallery-icon landscape'>\n\t\t\t\t<a href='https:\/\/www.wallfahrtskirche-maria-buch.at\/wp-content\/uploads\/2014\/05\/Ministrantenausflug_27.jpg'><img width=\"150\" height=\"150\" src=\"https:\/\/www.wallfahrtskirche-maria-buch.at\/wp-content\/uploads\/2014\/05\/Ministrantenausflug_27-150x150.jpg\" class=\"attachment-thumbnail size-thumbnail\" alt=\"\" loading=\"lazy\" \/><\/a>\n\t\t\t<\/dt><\/dl><dl class='gallery-item'>\n\t\t\t<dt class='gallery-icon landscape'>\n\t\t\t\t<a href='https:\/\/www.wallfahrtskirche-maria-buch.at\/wp-content\/uploads\/2014\/05\/Ministrantenausflug_29.jpg'><img width=\"150\" height=\"150\" src=\"https:\/\/www.wallfahrtskirche-maria-buch.at\/wp-content\/uploads\/2014\/05\/Ministrantenausflug_29-150x150.jpg\" class=\"attachment-thumbnail size-thumbnail\" alt=\"\" loading=\"lazy\" \/><\/a>\n\t\t\t<\/dt><\/dl><dl class='gallery-item'>\n\t\t\t<dt class='gallery-icon landscape'>\n\t\t\t\t<a href='https:\/\/www.wallfahrtskirche-maria-buch.at\/wp-content\/uploads\/2014\/05\/Ministrantenausflug_36.jpg'><img width=\"150\" height=\"150\" src=\"https:\/\/www.wallfahrtskirche-maria-buch.at\/wp-content\/uploads\/2014\/05\/Ministrantenausflug_36-150x150.jpg\" class=\"attachment-thumbnail size-thumbnail\" alt=\"\" loading=\"lazy\" \/><\/a>\n\t\t\t<\/dt><\/dl><br style=\"clear: both\" \/><dl class='gallery-item'>\n\t\t\t<dt class='gallery-icon portrait'>\n\t\t\t\t<a href='https:\/\/www.wallfahrtskirche-maria-buch.at\/wp-content\/uploads\/2014\/05\/Ministrantenausflug_39.jpg'><img width=\"150\" height=\"150\" src=\"https:\/\/www.wallfahrtskirche-maria-buch.at\/wp-content\/uploads\/2014\/05\/Ministrantenausflug_39-150x150.jpg\" class=\"attachment-thumbnail size-thumbnail\" alt=\"\" loading=\"lazy\" \/><\/a>\n\t\t\t<\/dt><\/dl><dl class='gallery-item'>\n\t\t\t<dt class='gallery-icon landscape'>\n\t\t\t\t<a href='https:\/\/www.wallfahrtskirche-maria-buch.at\/wp-content\/uploads\/2014\/05\/Ministrantenausflug_43.jpg'><img width=\"150\" height=\"150\" src=\"https:\/\/www.wallfahrtskirche-maria-buch.at\/wp-content\/uploads\/2014\/05\/Ministrantenausflug_43-150x150.jpg\" class=\"attachment-thumbnail size-thumbnail\" alt=\"\" loading=\"lazy\" \/><\/a>\n\t\t\t<\/dt><\/dl><dl class='gallery-item'>\n\t\t\t<dt class='gallery-icon landscape'>\n\t\t\t\t<a href='https:\/\/www.wallfahrtskirche-maria-buch.at\/wp-content\/uploads\/2014\/05\/Ministrantenausflug_46.jpg'><img width=\"150\" height=\"150\" src=\"https:\/\/www.wallfahrtskirche-maria-buch.at\/wp-content\/uploads\/2014\/05\/Ministrantenausflug_46-150x150.jpg\" class=\"attachment-thumbnail size-thumbnail\" alt=\"\" loading=\"lazy\" \/><\/a>\n\t\t\t<\/dt><\/dl><br style=\"clear: both\" \/><dl class='gallery-item'>\n\t\t\t<dt class='gallery-icon portrait'>\n\t\t\t\t<a href='https:\/\/www.wallfahrtskirche-maria-buch.at\/wp-content\/uploads\/2014\/05\/Ministrantenausflug_41.jpg'><img width=\"150\" height=\"150\" src=\"https:\/\/www.wallfahrtskirche-maria-buch.at\/wp-content\/uploads\/2014\/05\/Ministrantenausflug_41-150x150.jpg\" class=\"attachment-thumbnail size-thumbnail\" alt=\"\" loading=\"lazy\" \/><\/a>\n\t\t\t<\/dt><\/dl><dl class='gallery-item'>\n\t\t\t<dt class='gallery-icon landscape'>\n\t\t\t\t<a href='https:\/\/www.wallfahrtskirche-maria-buch.at\/wp-content\/uploads\/2014\/05\/Ministrantenausflug_521.jpg'><img width=\"150\" height=\"150\" src=\"https:\/\/www.wallfahrtskirche-maria-buch.at\/wp-content\/uploads\/2014\/05\/Ministrantenausflug_521-150x150.jpg\" class=\"attachment-thumbnail size-thumbnail\" alt=\"\" loading=\"lazy\" \/><\/a>\n\t\t\t<\/dt><\/dl><dl class='gallery-item'>\n\t\t\t<dt class='gallery-icon landscape'>\n\t\t\t\t<a href='https:\/\/www.wallfahrtskirche-maria-buch.at\/wp-content\/uploads\/2014\/05\/Ministrantenausflug_54.jpg'><img width=\"150\" height=\"150\" src=\"https:\/\/www.wallfahrtskirche-maria-buch.at\/wp-content\/uploads\/2014\/05\/Ministrantenausflug_54-150x150.jpg\" class=\"attachment-thumbnail size-thumbnail\" alt=\"\" loading=\"lazy\" \/><\/a>\n\t\t\t<\/dt><\/dl><br style=\"clear: both\" \/><dl class='gallery-item'>\n\t\t\t<dt class='gallery-icon portrait'>\n\t\t\t\t<a href='https:\/\/www.wallfahrtskirche-maria-buch.at\/wp-content\/uploads\/2014\/05\/Ministrantenausflug_56.jpg'><img width=\"150\" height=\"150\" src=\"https:\/\/www.wallfahrtskirche-maria-buch.at\/wp-content\/uploads\/2014\/05\/Ministrantenausflug_56-150x150.jpg\" class=\"attachment-thumbnail size-thumbnail\" alt=\"\" loading=\"lazy\" \/><\/a>\n\t\t\t<\/dt><\/dl><dl class='gallery-item'>\n\t\t\t<dt class='gallery-icon landscape'>\n\t\t\t\t<a href='https:\/\/www.wallfahrtskirche-maria-buch.at\/wp-content\/uploads\/2014\/05\/Ministrantenausflug_61.jpg'><img width=\"150\" height=\"150\" src=\"https:\/\/www.wallfahrtskirche-maria-buch.at\/wp-content\/uploads\/2014\/05\/Ministrantenausflug_61-150x150.jpg\" class=\"attachment-thumbnail size-thumbnail\" alt=\"\" loading=\"lazy\" \/><\/a>\n\t\t\t<\/dt><\/dl><dl class='gallery-item'>\n\t\t\t<dt class='gallery-icon portrait'>\n\t\t\t\t<a href='https:\/\/www.wallfahrtskirche-maria-buch.at\/wp-content\/uploads\/2014\/05\/2014-05-24-10.11.56.jpg'><img width=\"150\" height=\"150\" src=\"https:\/\/www.wallfahrtskirche-maria-buch.at\/wp-content\/uploads\/2014\/05\/2014-05-24-10.11.56-150x150.jpg\" class=\"attachment-thumbnail size-thumbnail\" alt=\"\" loading=\"lazy\" \/><\/a>\n\t\t\t<\/dt><\/dl><br style=\"clear: both\" \/><dl class='gallery-item'>\n\t\t\t<dt class='gallery-icon portrait'>\n\t\t\t\t<a href='https:\/\/www.wallfahrtskirche-maria-buch.at\/wp-content\/uploads\/2014\/05\/2014-05-24-10.19.08.jpg'><img width=\"150\" height=\"150\" src=\"https:\/\/www.wallfahrtskirche-maria-buch.at\/wp-content\/uploads\/2014\/05\/2014-05-24-10.19.08-150x150.jpg\" class=\"attachment-thumbnail size-thumbnail\" alt=\"\" loading=\"lazy\" \/><\/a>\n\t\t\t<\/dt><\/dl><dl class='gallery-item'>\n\t\t\t<dt class='gallery-icon landscape'>\n\t\t\t\t<a href='https:\/\/www.wallfahrtskirche-maria-buch.at\/wp-content\/uploads\/2014\/05\/Ministrantenausflug_63.jpg'><img width=\"150\" height=\"150\" src=\"https:\/\/www.wallfahrtskirche-maria-buch.at\/wp-content\/uploads\/2014\/05\/Ministrantenausflug_63-150x150.jpg\" class=\"attachment-thumbnail size-thumbnail\" alt=\"\" loading=\"lazy\" \/><\/a>\n\t\t\t<\/dt><\/dl><dl class='gallery-item'>\n\t\t\t<dt class='gallery-icon portrait'>\n\t\t\t\t<a href='https:\/\/www.wallfahrtskirche-maria-buch.at\/wp-content\/uploads\/2014\/05\/Ministrantenausflug_65.jpg'><img width=\"150\" height=\"150\" src=\"https:\/\/www.wallfahrtskirche-maria-buch.at\/wp-content\/uploads\/2014\/05\/Ministrantenausflug_65-150x150.jpg\" class=\"attachment-thumbnail size-thumbnail\" alt=\"\" loading=\"lazy\" \/><\/a>\n\t\t\t<\/dt><\/dl><br style=\"clear: both\" \/><dl class='gallery-item'>\n\t\t\t<dt class='gallery-icon landscape'>\n\t\t\t\t<a href='https:\/\/www.wallfahrtskirche-maria-buch.at\/wp-content\/uploads\/2014\/05\/Ministrantenausflug_58.jpg'><img width=\"150\" height=\"150\" src=\"https:\/\/www.wallfahrtskirche-maria-buch.at\/wp-content\/uploads\/2014\/05\/Ministrantenausflug_58-150x150.jpg\" class=\"attachment-thumbnail size-thumbnail\" alt=\"\" loading=\"lazy\" \/><\/a>\n\t\t\t<\/dt><\/dl><dl class='gallery-item'>\n\t\t\t<dt class='gallery-icon landscape'>\n\t\t\t\t<a href='https:\/\/www.wallfahrtskirche-maria-buch.at\/wp-content\/uploads\/2014\/05\/20140524_101340.jpg'><img width=\"150\" height=\"150\" src=\"https:\/\/www.wallfahrtskirche-maria-buch.at\/wp-content\/uploads\/2014\/05\/20140524_101340-150x150.jpg\" class=\"attachment-thumbnail size-thumbnail\" alt=\"\" loading=\"lazy\" \/><\/a>\n\t\t\t<\/dt><\/dl><dl class='gallery-item'>\n\t\t\t<dt class='gallery-icon landscape'>\n\t\t\t\t<a href='https:\/\/www.wallfahrtskirche-maria-buch.at\/wp-content\/uploads\/2014\/05\/Ministrantenausflug_67.jpg'><img width=\"150\" height=\"150\" src=\"https:\/\/www.wallfahrtskirche-maria-buch.at\/wp-content\/uploads\/2014\/05\/Ministrantenausflug_67-150x150.jpg\" class=\"attachment-thumbnail size-thumbnail\" alt=\"\" loading=\"lazy\" \/><\/a>\n\t\t\t<\/dt><\/dl><br style=\"clear: both\" \/><dl class='gallery-item'>\n\t\t\t<dt class='gallery-icon landscape'>\n\t\t\t\t<a href='https:\/\/www.wallfahrtskirche-maria-buch.at\/wp-content\/uploads\/2014\/05\/Ministrantenausflug_70.jpg'><img width=\"150\" height=\"150\" src=\"https:\/\/www.wallfahrtskirche-maria-buch.at\/wp-content\/uploads\/2014\/05\/Ministrantenausflug_70-150x150.jpg\" class=\"attachment-thumbnail size-thumbnail\" alt=\"\" loading=\"lazy\" \/><\/a>\n\t\t\t<\/dt><\/dl><dl class='gallery-item'>\n\t\t\t<dt class='gallery-icon landscape'>\n\t\t\t\t<a href='https:\/\/www.wallfahrtskirche-maria-buch.at\/wp-content\/uploads\/2014\/05\/2014-05-24-14.11.25.jpg'><img width=\"150\" height=\"150\" src=\"https:\/\/www.wallfahrtskirche-maria-buch.at\/wp-content\/uploads\/2014\/05\/2014-05-24-14.11.25-150x150.jpg\" class=\"attachment-thumbnail size-thumbnail\" alt=\"\" loading=\"lazy\" \/><\/a>\n\t\t\t<\/dt><\/dl><dl class='gallery-item'>\n\t\t\t<dt class='gallery-icon landscape'>\n\t\t\t\t<a href='https:\/\/www.wallfahrtskirche-maria-buch.at\/wp-content\/uploads\/2014\/05\/Ministrantenausflug_87.jpg'><img width=\"150\" height=\"150\" src=\"https:\/\/www.wallfahrtskirche-maria-buch.at\/wp-content\/uploads\/2014\/05\/Ministrantenausflug_87-150x150.jpg\" class=\"attachment-thumbnail size-thumbnail\" alt=\"\" loading=\"lazy\" \/><\/a>\n\t\t\t<\/dt><\/dl><br style=\"clear: both\" \/><dl class='gallery-item'>\n\t\t\t<dt class='gallery-icon landscape'>\n\t\t\t\t<a href='https:\/\/www.wallfahrtskirche-maria-buch.at\/wp-content\/uploads\/2014\/05\/Ministrantenausflug_89.jpg'><img width=\"150\" height=\"150\" src=\"https:\/\/www.wallfahrtskirche-maria-buch.at\/wp-content\/uploads\/2014\/05\/Ministrantenausflug_89-150x150.jpg\" class=\"attachment-thumbnail size-thumbnail\" alt=\"\" loading=\"lazy\" \/><\/a>\n\t\t\t<\/dt><\/dl><dl class='gallery-item'>\n\t\t\t<dt class='gallery-icon landscape'>\n\t\t\t\t<a href='https:\/\/www.wallfahrtskirche-maria-buch.at\/wp-content\/uploads\/2014\/05\/2014-05-24-14.11.43.jpg'><img width=\"150\" height=\"150\" src=\"https:\/\/www.wallfahrtskirche-maria-buch.at\/wp-content\/uploads\/2014\/05\/2014-05-24-14.11.43-150x150.jpg\" class=\"attachment-thumbnail size-thumbnail\" alt=\"\" loading=\"lazy\" \/><\/a>\n\t\t\t<\/dt><\/dl><dl class='gallery-item'>\n\t\t\t<dt class='gallery-icon landscape'>\n\t\t\t\t<a href='https:\/\/www.wallfahrtskirche-maria-buch.at\/wp-content\/uploads\/2014\/05\/2014-05-24-12.27.53.jpg'><img width=\"150\" height=\"150\" src=\"https:\/\/www.wallfahrtskirche-maria-buch.at\/wp-content\/uploads\/2014\/05\/2014-05-24-12.27.53-150x150.jpg\" class=\"attachment-thumbnail size-thumbnail\" alt=\"\" loading=\"lazy\" \/><\/a>\n\t\t\t<\/dt><\/dl><br style=\"clear: both\" \/><dl class='gallery-item'>\n\t\t\t<dt class='gallery-icon landscape'>\n\t\t\t\t<a href='https:\/\/www.wallfahrtskirche-maria-buch.at\/wp-content\/uploads\/2014\/05\/2014-05-24-12.28.09.jpg'><img width=\"150\" height=\"150\" src=\"https:\/\/www.wallfahrtskirche-maria-buch.at\/wp-content\/uploads\/2014\/05\/2014-05-24-12.28.09-150x150.jpg\" class=\"attachment-thumbnail size-thumbnail\" alt=\"\" loading=\"lazy\" \/><\/a>\n\t\t\t<\/dt><\/dl><dl class='gallery-item'>\n\t\t\t<dt class='gallery-icon landscape'>\n\t\t\t\t<a href='https:\/\/www.wallfahrtskirche-maria-buch.at\/wp-content\/uploads\/2014\/05\/2014-05-24-12.30.18.jpg'><img width=\"150\" height=\"150\" src=\"https:\/\/www.wallfahrtskirche-maria-buch.at\/wp-content\/uploads\/2014\/05\/2014-05-24-12.30.18-150x150.jpg\" class=\"attachment-thumbnail size-thumbnail\" alt=\"\" loading=\"lazy\" \/><\/a>\n\t\t\t<\/dt><\/dl><dl class='gallery-item'>\n\t\t\t<dt class='gallery-icon landscape'>\n\t\t\t\t<a href='https:\/\/www.wallfahrtskirche-maria-buch.at\/wp-content\/uploads\/2014\/05\/2014-05-24-12.31.34.jpg'><img width=\"150\" height=\"150\" src=\"https:\/\/www.wallfahrtskirche-maria-buch.at\/wp-content\/uploads\/2014\/05\/2014-05-24-12.31.34-150x150.jpg\" class=\"attachment-thumbnail size-thumbnail\" alt=\"\" loading=\"lazy\" \/><\/a>\n\t\t\t<\/dt><\/dl><br style=\"clear: both\" \/><dl class='gallery-item'>\n\t\t\t<dt class='gallery-icon landscape'>\n\t\t\t\t<a href='https:\/\/www.wallfahrtskirche-maria-buch.at\/wp-content\/uploads\/2014\/05\/2014-05-24-14.35.41.jpg'><img width=\"150\" height=\"150\" src=\"https:\/\/www.wallfahrtskirche-maria-buch.at\/wp-content\/uploads\/2014\/05\/2014-05-24-14.35.41-150x150.jpg\" class=\"attachment-thumbnail size-thumbnail\" alt=\"\" loading=\"lazy\" \/><\/a>\n\t\t\t<\/dt><\/dl><dl class='gallery-item'>\n\t\t\t<dt class='gallery-icon landscape'>\n\t\t\t\t<a href='https:\/\/www.wallfahrtskirche-maria-buch.at\/wp-content\/uploads\/2014\/05\/20140524_115549.jpg'><img width=\"150\" height=\"150\" src=\"https:\/\/www.wallfahrtskirche-maria-buch.at\/wp-content\/uploads\/2014\/05\/20140524_115549-150x150.jpg\" class=\"attachment-thumbnail size-thumbnail\" alt=\"\" loading=\"lazy\" \/><\/a>\n\t\t\t<\/dt><\/dl><dl class='gallery-item'>\n\t\t\t<dt class='gallery-icon landscape'>\n\t\t\t\t<a href='https:\/\/www.wallfahrtskirche-maria-buch.at\/wp-content\/uploads\/2014\/05\/20140524_115713.jpg'><img width=\"150\" height=\"150\" src=\"https:\/\/www.wallfahrtskirche-maria-buch.at\/wp-content\/uploads\/2014\/05\/20140524_115713-150x150.jpg\" class=\"attachment-thumbnail size-thumbnail\" alt=\"\" loading=\"lazy\" \/><\/a>\n\t\t\t<\/dt><\/dl><br style=\"clear: both\" \/><dl class='gallery-item'>\n\t\t\t<dt class='gallery-icon landscape'>\n\t\t\t\t<a href='https:\/\/www.wallfahrtskirche-maria-buch.at\/wp-content\/uploads\/2014\/05\/20140524_115755.jpg'><img width=\"150\" height=\"150\" src=\"https:\/\/www.wallfahrtskirche-maria-buch.at\/wp-content\/uploads\/2014\/05\/20140524_115755-150x150.jpg\" class=\"attachment-thumbnail size-thumbnail\" alt=\"\" loading=\"lazy\" \/><\/a>\n\t\t\t<\/dt><\/dl><dl class='gallery-item'>\n\t\t\t<dt class='gallery-icon portrait'>\n\t\t\t\t<a href='https:\/\/www.wallfahrtskirche-maria-buch.at\/wp-content\/uploads\/2014\/05\/Ministrantenausflug_85.jpg'><img width=\"150\" height=\"150\" src=\"https:\/\/www.wallfahrtskirche-maria-buch.at\/wp-content\/uploads\/2014\/05\/Ministrantenausflug_85-150x150.jpg\" class=\"attachment-thumbnail size-thumbnail\" alt=\"\" loading=\"lazy\" \/><\/a>\n\t\t\t<\/dt><\/dl><dl class='gallery-item'>\n\t\t\t<dt class='gallery-icon portrait'>\n\t\t\t\t<a href='https:\/\/www.wallfahrtskirche-maria-buch.at\/wp-content\/uploads\/2014\/05\/Ministrantenausflug_95.jpg'><img width=\"150\" height=\"150\" src=\"https:\/\/www.wallfahrtskirche-maria-buch.at\/wp-content\/uploads\/2014\/05\/Ministrantenausflug_95-150x150.jpg\" class=\"attachment-thumbnail size-thumbnail\" alt=\"\" loading=\"lazy\" \/><\/a>\n\t\t\t<\/dt><\/dl><br style=\"clear: both\" \/><dl class='gallery-item'>\n\t\t\t<dt class='gallery-icon landscape'>\n\t\t\t\t<a href='https:\/\/www.wallfahrtskirche-maria-buch.at\/wp-content\/uploads\/2014\/05\/Ministrantenausflug_110.jpg'><img width=\"150\" height=\"150\" src=\"https:\/\/www.wallfahrtskirche-maria-buch.at\/wp-content\/uploads\/2014\/05\/Ministrantenausflug_110-150x150.jpg\" class=\"attachment-thumbnail size-thumbnail\" alt=\"\" loading=\"lazy\" \/><\/a>\n\t\t\t<\/dt><\/dl>\n\t\t\t<br style='clear: both' \/>\n\t\t<\/div>\n\n<p>&nbsp;<\/p>\n","protected":false},"excerpt":{"rendered":"<p>Am 24. Mai fand unser Ministrantenausflug statt. Wir fuhren zuerst nach Oberzeiring um das Silberbergwerk zu besichtigen.<\/p>\n","protected":false},"author":2,"featured_media":0,"comment_status":"open","ping_status":"closed","sticky":false,"template":"","format":"standard","meta":[],"categories":[7],"tags":[],"_links":{"self":[{"href":"https:\/\/www.wallfahrtskirche-maria-buch.at\/index.php?rest_route=\/wp\/v2\/posts\/1327"}],"collection":[{"href":"https:\/\/www.wallfahrtskirche-maria-buch.at\/index.php?rest_route=\/wp\/v2\/posts"}],"about":[{"href":"https:\/\/www.wallfahrtskirche-maria-buch.at\/index.php?rest_route=\/wp\/v2\/types\/post"}],"author":[{"embeddable":true,"href":"https:\/\/www.wallfahrtskirche-maria-buch.at\/index.php?rest_route=\/wp\/v2\/users\/2"}],"replies":[{"embeddable":true,"href":"https:\/\/www.wallfahrtskirche-maria-buch.at\/index.php?rest_route=%2Fwp%2Fv2%2Fcomments&post=1327"}],"version-history":[{"count":2,"href":"https:\/\/www.wallfahrtskirche-maria-buch.at\/index.php?rest_route=\/wp\/v2\/posts\/1327\/revisions"}],"predecessor-version":[{"id":1367,"href":"https:\/\/www.wallfahrtskirche-maria-buch.at\/index.php?rest_route=\/wp\/v2\/posts\/1327\/revisions\/1367"}],"wp:attachment":[{"href":"https:\/\/www.wallfahrtskirche-maria-buch.at\/index.php?rest_route=%2Fwp%2Fv2%2Fmedia&parent=1327"}],"wp:term":[{"taxonomy":"category","embeddable":true,"href":"https:\/\/www.wallfahrtskirche-maria-buch.at\/index.php?rest_route=%2Fwp%2Fv2%2Fcategories&post=1327"},{"taxonomy":"post_tag","embeddable":true,"href":"https:\/\/www.wallfahrtskirche-maria-buch.at\/index.php?rest_route=%2Fwp%2Fv2%2Ftags&post=1327"}],"curies":[{"name":"wp","href":"https:\/\/api.w.org\/{rel}","templated":true}]}}