{"id":1849,"date":"2014-12-27T18:24:13","date_gmt":"2014-12-27T17:24:13","guid":{"rendered":"http:\/\/www.wallfahrtskirche-maria-buch.at\/?p=1849"},"modified":"2014-12-27T18:25:35","modified_gmt":"2014-12-27T17:25:35","slug":"roraten-im-advent-2","status":"publish","type":"post","link":"https:\/\/www.wallfahrtskirche-maria-buch.at\/?p=1849","title":{"rendered":"Roraten im Advent"},"content":{"rendered":"<p><img loading=\"lazy\" class=\"alignleft size-thumbnail wp-image-1859\" src=\"https:\/\/www.wallfahrtskirche-maria-buch.at\/wp-content\/uploads\/2014\/12\/Mini-Rorate_4-150x150.jpg\" alt=\"Mini-Rorate_4\" width=\"150\" height=\"150\" \/>In Maria Buch fanden im heurigen Advent wieder drei Roraten statt. <!--more-->Die erste Rorate, am 3. Dezember, wurde von der Baierdorfer und Maria Bucher Bev\u00f6lkerung, zum Thema Licht gestaltet.<\/p>\n<p><strong>Adventlicht, Kerzenlicht &#8211;<\/strong><br \/>\nDer Glaube der Menschen an die Liebe Gottes,<br \/>\ndie unserer Welt Gerechtigkeit und Frieden<br \/>\nschenken kann.<br \/>\n<strong>Adventlicht, Kerzenlicht &#8211;<\/strong><br \/>\nDie Hoffnung der Menschen<br \/>\nauf das Gelingen des Lebens,<br \/>\nauf ein Ende des Leids, auf gl\u00fcckliche Zukunft.<br \/>\n<strong>Adventlicht, Kerzenlicht &#8211;<\/strong><br \/>\nDie Liebe der Menschen als Antwort<br \/>\nauf die Zuwendung Gottes in Jesus von Nazareth.<br \/>\n<strong>Adventlicht, Kerzenlicht &#8211;<\/strong><br \/>\nDie Freude der Menschen \u00fcber Gemeinschaft<br \/>\nder Kinder Gottes in allen V\u00f6lkern und Rassen.<\/p>\n<p>Die zweite Rorate, am 10. Dezember, gestalteten die Bewohner aus W\u00f6llmerdorf und den Siedlungen. Frau Ebner brachte dabei Gedanken zum Thema Frieden vor.<\/p>\n<p><strong>In dieser Zeit, der dunklen Tage im Advent<\/strong>, sp\u00fcren wir in uns die Sehnsucht, nach dem w\u00e4rmenden Licht des Kerzenscheins \u2013<br \/>\nund sind dankbar f\u00fcr N\u00e4he und Gemeinschaft.<br \/>\nWir w\u00fcnschen uns einen Frieden der bleibt, gerade im Alltag.<br \/>\nFrieden mit unseren Gef\u00fchlen,<br \/>\nmit unseren Fehlern und Vers\u00e4umnissen,<br \/>\nmit unseren Verletzungen und \u00c4ngsten.<br \/>\n<strong>In dieser vorweihnachtlichen Stunde<\/strong> sollten wir uns wieder, auf das Wesentliche in unserem Leben, besinnen.<br \/>\nEndz\u00fcnden wir in uns selber ein Licht, dass wir W\u00e4rme und Geborgenheit<br \/>\nan unsere Familie weitergeben k\u00f6nnen.<br \/>\nSo formulieren wir ganz zaghaft unsere Bitte:<br \/>\n<strong>Der Weihnachtsfriede sei mit uns!<\/strong><\/p>\n<p>Und die dritte Rorate, am 20. Dezember, wurde von den Ministranten, zum Thema Duft, mitgestaltet.<span id=\"more-910\"><\/span><\/p>\n<p><strong>Mit allen Sinnen<br \/>\n<\/strong>\u00dcberall in deiner Sch\u00f6pfung<br \/>\nk\u00f6nnen wir dich erleben,<br \/>\nguter Gott &#8211;<br \/>\nim Gesang der V\u00f6gel,<br \/>\nim Bl\u00fchen der B\u00e4ume im Fr\u00fchjahr,<br \/>\nim Lachen der Kinder.<br \/>\n<strong>Durch den Duft von Bl\u00fcten und Blumen,<\/strong><br \/>\n<strong>von Honig und Gew\u00fcrzen<\/strong><br \/>\n<strong>sorgst du f\u00fcr unser Wohlergehen.<\/strong><br \/>\nWir danken dir:<br \/>\nDu ermunterst uns,<br \/>\nnicht sinnenlos und sinnlos<br \/>\nsondern mit allen Sinnen,<br \/>\nhellwach und freudig zu leben &#8211;<br \/>\ndich als Lebensziel und Lebenssinn vor Augen.<\/p>\n<p>Anschlie\u00dfend an alle Roraten, wurden die Gottesdienstbesucher zum Fr\u00fchst\u00fcck in den Pfarrhof eingeladen, um das geselligie Miteinander zu f\u00f6rdern<\/p>\n<div id='gallery-1' class='gallery galleryid-1849 gallery-columns-3 gallery-size-thumbnail'><dl class='gallery-item'>\n\t\t\t<dt class='gallery-icon landscape'>\n\t\t\t\t<a href='https:\/\/www.wallfahrtskirche-maria-buch.at\/wp-content\/uploads\/2014\/12\/DSC01027.jpg'><img width=\"150\" height=\"150\" src=\"https:\/\/www.wallfahrtskirche-maria-buch.at\/wp-content\/uploads\/2014\/12\/DSC01027-150x150.jpg\" class=\"attachment-thumbnail size-thumbnail\" alt=\"\" loading=\"lazy\" \/><\/a>\n\t\t\t<\/dt><\/dl><dl class='gallery-item'>\n\t\t\t<dt class='gallery-icon landscape'>\n\t\t\t\t<a href='https:\/\/www.wallfahrtskirche-maria-buch.at\/wp-content\/uploads\/2014\/12\/DSC01031.jpg'><img width=\"150\" height=\"150\" src=\"https:\/\/www.wallfahrtskirche-maria-buch.at\/wp-content\/uploads\/2014\/12\/DSC01031-150x150.jpg\" class=\"attachment-thumbnail size-thumbnail\" alt=\"\" loading=\"lazy\" \/><\/a>\n\t\t\t<\/dt><\/dl><dl class='gallery-item'>\n\t\t\t<dt class='gallery-icon landscape'>\n\t\t\t\t<a href='https:\/\/www.wallfahrtskirche-maria-buch.at\/wp-content\/uploads\/2014\/12\/DSC01041.jpg'><img width=\"150\" height=\"150\" src=\"https:\/\/www.wallfahrtskirche-maria-buch.at\/wp-content\/uploads\/2014\/12\/DSC01041-150x150.jpg\" class=\"attachment-thumbnail size-thumbnail\" alt=\"\" loading=\"lazy\" \/><\/a>\n\t\t\t<\/dt><\/dl><br style=\"clear: both\" \/><dl class='gallery-item'>\n\t\t\t<dt class='gallery-icon landscape'>\n\t\t\t\t<a href='https:\/\/www.wallfahrtskirche-maria-buch.at\/wp-content\/uploads\/2014\/12\/DSC01104.jpg'><img width=\"150\" height=\"150\" src=\"https:\/\/www.wallfahrtskirche-maria-buch.at\/wp-content\/uploads\/2014\/12\/DSC01104-150x150.jpg\" class=\"attachment-thumbnail size-thumbnail\" alt=\"\" loading=\"lazy\" \/><\/a>\n\t\t\t<\/dt><\/dl><dl class='gallery-item'>\n\t\t\t<dt class='gallery-icon landscape'>\n\t\t\t\t<a href='https:\/\/www.wallfahrtskirche-maria-buch.at\/wp-content\/uploads\/2014\/12\/DSC01107.jpg'><img width=\"150\" height=\"150\" src=\"https:\/\/www.wallfahrtskirche-maria-buch.at\/wp-content\/uploads\/2014\/12\/DSC01107-150x150.jpg\" class=\"attachment-thumbnail size-thumbnail\" alt=\"\" loading=\"lazy\" \/><\/a>\n\t\t\t<\/dt><\/dl><dl class='gallery-item'>\n\t\t\t<dt class='gallery-icon landscape'>\n\t\t\t\t<a href='https:\/\/www.wallfahrtskirche-maria-buch.at\/wp-content\/uploads\/2014\/12\/DSC01108.jpg'><img width=\"150\" height=\"150\" src=\"https:\/\/www.wallfahrtskirche-maria-buch.at\/wp-content\/uploads\/2014\/12\/DSC01108-150x150.jpg\" class=\"attachment-thumbnail size-thumbnail\" alt=\"\" loading=\"lazy\" \/><\/a>\n\t\t\t<\/dt><\/dl><br style=\"clear: both\" \/><dl class='gallery-item'>\n\t\t\t<dt class='gallery-icon landscape'>\n\t\t\t\t<a href='https:\/\/www.wallfahrtskirche-maria-buch.at\/wp-content\/uploads\/2014\/12\/DSC01130.jpg'><img width=\"150\" height=\"150\" src=\"https:\/\/www.wallfahrtskirche-maria-buch.at\/wp-content\/uploads\/2014\/12\/DSC01130-150x150.jpg\" class=\"attachment-thumbnail size-thumbnail\" alt=\"\" loading=\"lazy\" \/><\/a>\n\t\t\t<\/dt><\/dl><dl class='gallery-item'>\n\t\t\t<dt class='gallery-icon portrait'>\n\t\t\t\t<a href='https:\/\/www.wallfahrtskirche-maria-buch.at\/wp-content\/uploads\/2014\/12\/Mini-Rorate_1.jpg'><img width=\"150\" height=\"150\" src=\"https:\/\/www.wallfahrtskirche-maria-buch.at\/wp-content\/uploads\/2014\/12\/Mini-Rorate_1-150x150.jpg\" class=\"attachment-thumbnail size-thumbnail\" alt=\"\" loading=\"lazy\" \/><\/a>\n\t\t\t<\/dt><\/dl><dl class='gallery-item'>\n\t\t\t<dt class='gallery-icon landscape'>\n\t\t\t\t<a href='https:\/\/www.wallfahrtskirche-maria-buch.at\/wp-content\/uploads\/2014\/12\/Mini-Rorate_2.jpg'><img width=\"150\" height=\"150\" src=\"https:\/\/www.wallfahrtskirche-maria-buch.at\/wp-content\/uploads\/2014\/12\/Mini-Rorate_2-150x150.jpg\" class=\"attachment-thumbnail size-thumbnail\" alt=\"\" loading=\"lazy\" \/><\/a>\n\t\t\t<\/dt><\/dl><br style=\"clear: both\" \/><dl class='gallery-item'>\n\t\t\t<dt class='gallery-icon landscape'>\n\t\t\t\t<a href='https:\/\/www.wallfahrtskirche-maria-buch.at\/wp-content\/uploads\/2014\/12\/Mini-Rorate_6.jpg'><img width=\"150\" height=\"150\" src=\"https:\/\/www.wallfahrtskirche-maria-buch.at\/wp-content\/uploads\/2014\/12\/Mini-Rorate_6-150x150.jpg\" class=\"attachment-thumbnail size-thumbnail\" alt=\"\" loading=\"lazy\" \/><\/a>\n\t\t\t<\/dt><\/dl><dl class='gallery-item'>\n\t\t\t<dt class='gallery-icon landscape'>\n\t\t\t\t<a href='https:\/\/www.wallfahrtskirche-maria-buch.at\/wp-content\/uploads\/2014\/12\/Mini-Rorate_10.jpg'><img width=\"150\" height=\"150\" src=\"https:\/\/www.wallfahrtskirche-maria-buch.at\/wp-content\/uploads\/2014\/12\/Mini-Rorate_10-150x150.jpg\" class=\"attachment-thumbnail size-thumbnail\" alt=\"\" loading=\"lazy\" \/><\/a>\n\t\t\t<\/dt><\/dl><dl class='gallery-item'>\n\t\t\t<dt class='gallery-icon landscape'>\n\t\t\t\t<a href='https:\/\/www.wallfahrtskirche-maria-buch.at\/wp-content\/uploads\/2014\/12\/Mini-Rorate_14.jpg'><img width=\"150\" height=\"150\" src=\"https:\/\/www.wallfahrtskirche-maria-buch.at\/wp-content\/uploads\/2014\/12\/Mini-Rorate_14-150x150.jpg\" class=\"attachment-thumbnail size-thumbnail\" alt=\"\" loading=\"lazy\" \/><\/a>\n\t\t\t<\/dt><\/dl><br style=\"clear: both\" \/><dl class='gallery-item'>\n\t\t\t<dt class='gallery-icon landscape'>\n\t\t\t\t<a href='https:\/\/www.wallfahrtskirche-maria-buch.at\/wp-content\/uploads\/2014\/12\/Mini-Rorate_31.jpg'><img width=\"150\" height=\"150\" src=\"https:\/\/www.wallfahrtskirche-maria-buch.at\/wp-content\/uploads\/2014\/12\/Mini-Rorate_31-150x150.jpg\" class=\"attachment-thumbnail size-thumbnail\" alt=\"\" loading=\"lazy\" \/><\/a>\n\t\t\t<\/dt><\/dl><dl class='gallery-item'>\n\t\t\t<dt class='gallery-icon portrait'>\n\t\t\t\t<a href='https:\/\/www.wallfahrtskirche-maria-buch.at\/wp-content\/uploads\/2014\/12\/Mini-Rorate_36.jpg'><img width=\"150\" height=\"150\" src=\"https:\/\/www.wallfahrtskirche-maria-buch.at\/wp-content\/uploads\/2014\/12\/Mini-Rorate_36-150x150.jpg\" class=\"attachment-thumbnail size-thumbnail\" alt=\"\" loading=\"lazy\" \/><\/a>\n\t\t\t<\/dt><\/dl><dl class='gallery-item'>\n\t\t\t<dt class='gallery-icon landscape'>\n\t\t\t\t<a href='https:\/\/www.wallfahrtskirche-maria-buch.at\/wp-content\/uploads\/2014\/12\/Mini-Rorate_40.jpg'><img width=\"150\" height=\"150\" src=\"https:\/\/www.wallfahrtskirche-maria-buch.at\/wp-content\/uploads\/2014\/12\/Mini-Rorate_40-150x150.jpg\" class=\"attachment-thumbnail size-thumbnail\" alt=\"\" loading=\"lazy\" \/><\/a>\n\t\t\t<\/dt><\/dl><br style=\"clear: both\" \/>\n\t\t<\/div>\n\n","protected":false},"excerpt":{"rendered":"<p>In Maria Buch fanden im heurigen Advent wieder drei Roraten statt.<\/p>\n","protected":false},"author":2,"featured_media":0,"comment_status":"open","ping_status":"closed","sticky":false,"template":"","format":"standard","meta":[],"categories":[1],"tags":[],"_links":{"self":[{"href":"https:\/\/www.wallfahrtskirche-maria-buch.at\/index.php?rest_route=\/wp\/v2\/posts\/1849"}],"collection":[{"href":"https:\/\/www.wallfahrtskirche-maria-buch.at\/index.php?rest_route=\/wp\/v2\/posts"}],"about":[{"href":"https:\/\/www.wallfahrtskirche-maria-buch.at\/index.php?rest_route=\/wp\/v2\/types\/post"}],"author":[{"embeddable":true,"href":"https:\/\/www.wallfahrtskirche-maria-buch.at\/index.php?rest_route=\/wp\/v2\/users\/2"}],"replies":[{"embeddable":true,"href":"https:\/\/www.wallfahrtskirche-maria-buch.at\/index.php?rest_route=%2Fwp%2Fv2%2Fcomments&post=1849"}],"version-history":[{"count":2,"href":"https:\/\/www.wallfahrtskirche-maria-buch.at\/index.php?rest_route=\/wp\/v2\/posts\/1849\/revisions"}],"predecessor-version":[{"id":1867,"href":"https:\/\/www.wallfahrtskirche-maria-buch.at\/index.php?rest_route=\/wp\/v2\/posts\/1849\/revisions\/1867"}],"wp:attachment":[{"href":"https:\/\/www.wallfahrtskirche-maria-buch.at\/index.php?rest_route=%2Fwp%2Fv2%2Fmedia&parent=1849"}],"wp:term":[{"taxonomy":"category","embeddable":true,"href":"https:\/\/www.wallfahrtskirche-maria-buch.at\/index.php?rest_route=%2Fwp%2Fv2%2Fcategories&post=1849"},{"taxonomy":"post_tag","embeddable":true,"href":"https:\/\/www.wallfahrtskirche-maria-buch.at\/index.php?rest_route=%2Fwp%2Fv2%2Ftags&post=1849"}],"curies":[{"name":"wp","href":"https:\/\/api.w.org\/{rel}","templated":true}]}}