{"id":1916,"date":"2015-02-09T21:40:36","date_gmt":"2015-02-09T20:40:36","guid":{"rendered":"http:\/\/www.wallfahrtskirche-maria-buch.at\/?p=1916"},"modified":"2015-02-09T21:40:36","modified_gmt":"2015-02-09T20:40:36","slug":"mini-schlittenfahren","status":"publish","type":"post","link":"https:\/\/www.wallfahrtskirche-maria-buch.at\/?p=1916","title":{"rendered":"Mini Schlittenfahren"},"content":{"rendered":"<p><img loading=\"lazy\" class=\"alignleft size-thumbnail wp-image-1917\" src=\"https:\/\/www.wallfahrtskirche-maria-buch.at\/wp-content\/uploads\/2015\/02\/2015-01-23-16.33.55-150x150.jpg\" alt=\"2015-01-23 16.33.55\" width=\"150\" height=\"150\" \/>Aus dem Schlitten fahren ist leider nichts geworden. Wie ihr auf den Bildern sehen k\u00f6nnt, waren die Wiesen im heurigen J\u00e4nner gr\u00fcn.<!--more--><\/p>\n<p>Die Minis haben sich ihre gute Laune aber nicht verderben lassen und sind anstatt des Schlitten fahrens nach Baierdorf gewandert, wo uns Michalea mit einer k\u00f6stlichen Jause erwartet hat. Ein herzliches Daanke daf\u00fcr!<\/p>\n<div id='gallery-1' class='gallery galleryid-1916 gallery-columns-3 gallery-size-thumbnail'><dl class='gallery-item'>\n\t\t\t<dt class='gallery-icon landscape'>\n\t\t\t\t<a href='https:\/\/www.wallfahrtskirche-maria-buch.at\/wp-content\/uploads\/2015\/02\/2015-01-23-16.33.55.jpg'><img width=\"150\" height=\"150\" src=\"https:\/\/www.wallfahrtskirche-maria-buch.at\/wp-content\/uploads\/2015\/02\/2015-01-23-16.33.55-150x150.jpg\" class=\"attachment-thumbnail size-thumbnail\" alt=\"\" loading=\"lazy\" \/><\/a>\n\t\t\t<\/dt><\/dl><dl class='gallery-item'>\n\t\t\t<dt class='gallery-icon landscape'>\n\t\t\t\t<a href='https:\/\/www.wallfahrtskirche-maria-buch.at\/wp-content\/uploads\/2015\/02\/2015-01-23-16.37.25.jpg'><img width=\"150\" height=\"150\" src=\"https:\/\/www.wallfahrtskirche-maria-buch.at\/wp-content\/uploads\/2015\/02\/2015-01-23-16.37.25-150x150.jpg\" class=\"attachment-thumbnail size-thumbnail\" alt=\"\" loading=\"lazy\" \/><\/a>\n\t\t\t<\/dt><\/dl><dl class='gallery-item'>\n\t\t\t<dt class='gallery-icon landscape'>\n\t\t\t\t<a href='https:\/\/www.wallfahrtskirche-maria-buch.at\/wp-content\/uploads\/2015\/02\/2015-01-23-16.37.49.jpg'><img width=\"150\" height=\"150\" src=\"https:\/\/www.wallfahrtskirche-maria-buch.at\/wp-content\/uploads\/2015\/02\/2015-01-23-16.37.49-150x150.jpg\" class=\"attachment-thumbnail size-thumbnail\" alt=\"\" loading=\"lazy\" \/><\/a>\n\t\t\t<\/dt><\/dl><br style=\"clear: both\" \/><dl class='gallery-item'>\n\t\t\t<dt class='gallery-icon landscape'>\n\t\t\t\t<a href='https:\/\/www.wallfahrtskirche-maria-buch.at\/wp-content\/uploads\/2015\/02\/2015-01-23-16.38.22.jpg'><img width=\"150\" height=\"150\" src=\"https:\/\/www.wallfahrtskirche-maria-buch.at\/wp-content\/uploads\/2015\/02\/2015-01-23-16.38.22-150x150.jpg\" class=\"attachment-thumbnail size-thumbnail\" alt=\"\" loading=\"lazy\" \/><\/a>\n\t\t\t<\/dt><\/dl><dl class='gallery-item'>\n\t\t\t<dt class='gallery-icon landscape'>\n\t\t\t\t<a href='https:\/\/www.wallfahrtskirche-maria-buch.at\/wp-content\/uploads\/2015\/02\/2015-01-23-16.38.41.jpg'><img width=\"150\" height=\"150\" src=\"https:\/\/www.wallfahrtskirche-maria-buch.at\/wp-content\/uploads\/2015\/02\/2015-01-23-16.38.41-150x150.jpg\" class=\"attachment-thumbnail size-thumbnail\" alt=\"\" loading=\"lazy\" \/><\/a>\n\t\t\t<\/dt><\/dl><dl class='gallery-item'>\n\t\t\t<dt class='gallery-icon portrait'>\n\t\t\t\t<a href='https:\/\/www.wallfahrtskirche-maria-buch.at\/wp-content\/uploads\/2015\/02\/2015-01-23-16.39.29.jpg'><img width=\"150\" height=\"150\" src=\"https:\/\/www.wallfahrtskirche-maria-buch.at\/wp-content\/uploads\/2015\/02\/2015-01-23-16.39.29-150x150.jpg\" class=\"attachment-thumbnail size-thumbnail\" alt=\"\" loading=\"lazy\" \/><\/a>\n\t\t\t<\/dt><\/dl><br style=\"clear: both\" \/><dl class='gallery-item'>\n\t\t\t<dt class='gallery-icon landscape'>\n\t\t\t\t<a href='https:\/\/www.wallfahrtskirche-maria-buch.at\/wp-content\/uploads\/2015\/02\/2015-01-23-16.40.30.jpg'><img width=\"150\" height=\"150\" src=\"https:\/\/www.wallfahrtskirche-maria-buch.at\/wp-content\/uploads\/2015\/02\/2015-01-23-16.40.30-150x150.jpg\" class=\"attachment-thumbnail size-thumbnail\" alt=\"\" loading=\"lazy\" \/><\/a>\n\t\t\t<\/dt><\/dl><dl class='gallery-item'>\n\t\t\t<dt class='gallery-icon landscape'>\n\t\t\t\t<a href='https:\/\/www.wallfahrtskirche-maria-buch.at\/wp-content\/uploads\/2015\/02\/2015-01-23-16.50.49.jpg'><img width=\"150\" height=\"150\" src=\"https:\/\/www.wallfahrtskirche-maria-buch.at\/wp-content\/uploads\/2015\/02\/2015-01-23-16.50.49-150x150.jpg\" class=\"attachment-thumbnail size-thumbnail\" alt=\"\" loading=\"lazy\" \/><\/a>\n\t\t\t<\/dt><\/dl><dl class='gallery-item'>\n\t\t\t<dt class='gallery-icon landscape'>\n\t\t\t\t<a href='https:\/\/www.wallfahrtskirche-maria-buch.at\/wp-content\/uploads\/2015\/02\/2015-01-23-17.12.23.jpg'><img width=\"150\" height=\"150\" src=\"https:\/\/www.wallfahrtskirche-maria-buch.at\/wp-content\/uploads\/2015\/02\/2015-01-23-17.12.23-150x150.jpg\" class=\"attachment-thumbnail size-thumbnail\" alt=\"\" loading=\"lazy\" \/><\/a>\n\t\t\t<\/dt><\/dl><br style=\"clear: both\" \/>\n\t\t<\/div>\n\n","protected":false},"excerpt":{"rendered":"<p>Aus dem Schlitten fahren ist leider nichts geworden. Wie ihr auf den Bildern sehen k\u00f6nnt, waren die Wiesen im heurigen J\u00e4nner gr\u00fcn.<\/p>\n","protected":false},"author":2,"featured_media":0,"comment_status":"open","ping_status":"closed","sticky":false,"template":"","format":"standard","meta":[],"categories":[7],"tags":[],"_links":{"self":[{"href":"https:\/\/www.wallfahrtskirche-maria-buch.at\/index.php?rest_route=\/wp\/v2\/posts\/1916"}],"collection":[{"href":"https:\/\/www.wallfahrtskirche-maria-buch.at\/index.php?rest_route=\/wp\/v2\/posts"}],"about":[{"href":"https:\/\/www.wallfahrtskirche-maria-buch.at\/index.php?rest_route=\/wp\/v2\/types\/post"}],"author":[{"embeddable":true,"href":"https:\/\/www.wallfahrtskirche-maria-buch.at\/index.php?rest_route=\/wp\/v2\/users\/2"}],"replies":[{"embeddable":true,"href":"https:\/\/www.wallfahrtskirche-maria-buch.at\/index.php?rest_route=%2Fwp%2Fv2%2Fcomments&post=1916"}],"version-history":[{"count":1,"href":"https:\/\/www.wallfahrtskirche-maria-buch.at\/index.php?rest_route=\/wp\/v2\/posts\/1916\/revisions"}],"predecessor-version":[{"id":1926,"href":"https:\/\/www.wallfahrtskirche-maria-buch.at\/index.php?rest_route=\/wp\/v2\/posts\/1916\/revisions\/1926"}],"wp:attachment":[{"href":"https:\/\/www.wallfahrtskirche-maria-buch.at\/index.php?rest_route=%2Fwp%2Fv2%2Fmedia&parent=1916"}],"wp:term":[{"taxonomy":"category","embeddable":true,"href":"https:\/\/www.wallfahrtskirche-maria-buch.at\/index.php?rest_route=%2Fwp%2Fv2%2Fcategories&post=1916"},{"taxonomy":"post_tag","embeddable":true,"href":"https:\/\/www.wallfahrtskirche-maria-buch.at\/index.php?rest_route=%2Fwp%2Fv2%2Ftags&post=1916"}],"curies":[{"name":"wp","href":"https:\/\/api.w.org\/{rel}","templated":true}]}}